{"id":451,"date":"2021-11-16T12:32:44","date_gmt":"2021-11-16T11:32:44","guid":{"rendered":"https:\/\/blog.hyperskill.de\/?p=451"},"modified":"2024-04-19T16:37:20","modified_gmt":"2024-04-19T15:37:20","slug":"kopf-oder-bauch-wer-trifft-wirklich-die-besseren-entscheidungen","status":"publish","type":"post","link":"https:\/\/blog.hyperskill.de\/?p=451","title":{"rendered":"Kopf oder Bauch &#8211; Wer trifft wirklich die besseren Entscheidungen?"},"content":{"rendered":"\n<p><em>von Sabine Stadler. <\/em> <\/p>\n\n\n\n<p><strong>Kopf- oder ein Bauchmensch?<\/strong> Worauf verl\u00e4sst man sich lieber &#8211; auf das Gef\u00fchl oder den Verstand? Wei\u00df man \u00fcberhaupt, wodurch das eigene Handeln letztlich geleitet wird und ist man erfolgreich damit?<\/p>\n\n\n\n<p>Fragt man Menschen im pers\u00f6nlichen Umfeld, haben die selten ein Problem, sich spontan als eines von beiden zu bezeichnen. Damit ist dann meistens schon alles gesagt, die Schublade ist festgelegt, eventuell kommt noch die Frage auf, was denn &#8220;besser&#8221; sei. Doch so einfach ist es nicht. Denn welche Steine man sich mit einer solchen Gegens\u00e4tzlichkeit auch selbst in den Weg legt, ist den meisten gar nicht klar.<\/p>\n\n\n\n<div class=\"wp-block-media-text alignwide is-stacked-on-mobile\" style=\"grid-template-columns:64% auto\"><figure class=\"wp-block-media-text__media\"><img loading=\"lazy\" decoding=\"async\" width=\"820\" height=\"270\" src=\"https:\/\/blog.hyperskill.de\/wp-content\/uploads\/2021\/11\/Kopie-von-Magnetfeld-Emotional.jpg\" alt=\"\" class=\"wp-image-455 size-full\" srcset=\"https:\/\/blog.hyperskill.de\/wp-content\/uploads\/2021\/11\/Kopie-von-Magnetfeld-Emotional.jpg 820w, https:\/\/blog.hyperskill.de\/wp-content\/uploads\/2021\/11\/Kopie-von-Magnetfeld-Emotional-300x99.jpg 300w, https:\/\/blog.hyperskill.de\/wp-content\/uploads\/2021\/11\/Kopie-von-Magnetfeld-Emotional-768x253.jpg 768w\" sizes=\"auto, (max-width: 820px) 100vw, 820px\" \/><\/figure><div class=\"wp-block-media-text__content\">\n<p class=\"has-small-font-size\"><em>Was bedeutet es, Menschen nach &#8220;Gef\u00fchl&#8221; oder &#8220;Verstand&#8221; zu kategorisieren?<br>Sind sie dann automatisch auch zugewandt oder distanziert, chaotisch oder strukturiert, fr\u00f6hlich oder ernst? Oder wird man ihnen damit wom\u00f6glich gar nicht gerecht?<\/em><\/p>\n<\/div><\/div>\n\n\n\n<p class=\"has-medium-font-size\"><strong>Wir sind n\u00e4mlich beides!<\/strong><\/p>\n\n\n\n<p><strong>Menschen sind nat\u00fcrliche Wesen<\/strong> und mit beiden F\u00e4higkeiten ausgestattet: Wir <strong>k\u00f6nnen f\u00fchlen <em><u>UND<\/u><\/em> denken<\/strong>! Und die Frage, was davon besser ist, macht im Grunde wenig Sinn. &nbsp;Denn<\/p>\n\n\n\n<p class=\"has-text-color\" style=\"color:#066094;font-size:24px\"><strong>Gef\u00fchl und Verstand sind zusammen gut!<\/strong><\/p>\n\n\n\n<p>Haben Sie auch immer wieder das Gef\u00fchl (!), dass Sie Ihr Potenzial nicht in voller G\u00e4nze auf die Stra\u00dfe bringen? Dann kann es sein, <strong>dass sich Ihr Kopf und Ihr Bauch gegenseitig ausbremsen<\/strong>. Dass der Bauch den Kopf nicht h\u00f6ren will oder der Kopf das st\u00f6rende Gef\u00fchl wegdr\u00fcckt.<\/p>\n\n\n\n<p class=\"has-text-color\" style=\"color:#066094;font-size:24px\"><strong>Der Schl\u00fcssel zum Erfolg liegt darin, beides zu fusionieren.<\/strong><\/p>\n\n\n\n<p>Gef\u00fchl und Verstand, also Bauch und Kopf m\u00fcssen zusammenwirken, dann erreichen Sie auch Ihren <strong>idealen Wirkungsbereich<\/strong>. Dann validiert der Bauch den Kopf und umgekehrt.<\/p>\n\n\n\n<p class=\"has-text-color\" style=\"color:#066094;font-size:24px\"><strong>Wie erreicht man das?<\/strong><\/p>\n\n\n\n<p><strong>Mit der <a rel=\"noreferrer noopener\" href=\"http:\/\/www.natuerliche-reflexion.de\" data-type=\"URL\" data-id=\"www.natuerliche-reflexion.de\" target=\"_blank\">Nat\u00fcrlichen Reflexion<\/a>:<\/strong> Einer innovativen Reflexionsmethode, die am nat\u00fcrlichen Wachstumspunkt des Menschen unter Ber\u00fccksichtigung der nat\u00fcrlichen Grundmuster des menschlichen Verhaltens ansetzt. Sie bietet f\u00fcr beide oben erw\u00e4hnten Kategorien die entsprechende Unterst\u00fctzung:<\/p>\n\n\n\n<ul class=\"wp-block-list\">\n<li>Der &#8220;Gef\u00fchlsmensch&#8221; erh\u00e4lt \u00fcber die Nat\u00fcrliche Reflexion einen Leitfaden zum &#8220;Denken&#8221; und Strukturieren und kriegt seine Gef\u00fchle in den Griff.<\/li>\n<\/ul>\n\n\n\n<ul class=\"wp-block-list\">\n<li>Der &#8220;Kopfmensch&#8221; lernt, seine Gef\u00fchle einzubeziehen und sein Handeln harmonischer und verbindlicher zu gestalten.<\/li>\n<\/ul>\n\n\n\n<p>Unsere Erfahrungen der letzten 10 Jahre haben gezeigt: Alle, die die Nat\u00fcrliche Reflexion bei uns erlernt haben, stellten einstimmig eine wesentlich konsequentere Verfolgung ihrer Vorhaben, einen h\u00f6heren Zielerreichungsgrad und vor allem ein <strong>deutlich besseres Lebensgef\u00fchl<\/strong> fest.<\/p>\n\n\n\n<p class=\"has-text-color\" style=\"color:#066094;font-size:24px\"><strong>Lernen Sie, nat\u00fcrlich zu reflektieren und verschmelzen Sie Kopf und Bauch zur absoluten St\u00e4rke in jeder Situation!<\/strong><\/p>\n\n\n\n<p class=\"has-black-color has-text-color\"><a>Zum Kennenlernen empfehlen wir unseren <\/a><strong><em><a rel=\"noreferrer noopener\" href=\"http:\/\/www.hyperskill.de\/html\/leistungen\/hyperskill-reflexionsspaziergang.htm\" data-type=\"URL\" data-id=\"www.hyperskill.de\/html\/leistungen\/hyperskill-reflexionsspaziergang.htm\" target=\"_blank\">Reflexionsspaziergang<\/a><\/em><\/strong>, der mithilfe der <strong>baumgest\u00fctzten Reflexion<\/strong> zur \u00dcberpr\u00fcfung der eigenen Einordnung (Gef\u00fchl vs. Verstand) dient und erste Erkenntnisse liefert.<\/p>\n\n\n\n<p>F\u00fcr den niederschwelligen Einstieg sind wir gerade dabei, ein <em><strong><a href=\"https:\/\/www.hyperskill.de\/html\/leistungen\/seminar-natuerliche-reflexion.htm\">2-t\u00e4giges Seminar<\/a><\/strong> <\/em>vorzubereiten, das wir in M\u00fcnchen, Berlin und Z\u00fcrich anbieten werden.<\/p>\n","protected":false},"excerpt":{"rendered":"<p>von Sabine Stadler. Kopf- oder ein Bauchmensch? Worauf verl\u00e4sst man sich lieber &#8211; auf das Gef\u00fchl oder den Verstand? Wei\u00df man \u00fcberhaupt, wodurch das eigene Handeln letztlich geleitet wird und ist man erfolgreich damit? Fragt man Menschen im pers\u00f6nlichen Umfeld, [&hellip;]<\/p>\n","protected":false},"author":1,"featured_media":0,"comment_status":"closed","ping_status":"closed","sticky":false,"template":"","format":"standard","meta":{"footnotes":""},"categories":[7,13,42,28,29],"tags":[],"class_list":["post-451","post","type-post","status-publish","format-standard","hentry","category-gesellschaft","category-management","category-personlichkeitstraining","category-problemlosung-2","category-resilienz"],"_links":{"self":[{"href":"https:\/\/blog.hyperskill.de\/index.php?rest_route=\/wp\/v2\/posts\/451","targetHints":{"allow":["GET"]}}],"collection":[{"href":"https:\/\/blog.hyperskill.de\/index.php?rest_route=\/wp\/v2\/posts"}],"about":[{"href":"https:\/\/blog.hyperskill.de\/index.php?rest_route=\/wp\/v2\/types\/post"}],"author":[{"embeddable":true,"href":"https:\/\/blog.hyperskill.de\/index.php?rest_route=\/wp\/v2\/users\/1"}],"replies":[{"embeddable":true,"href":"https:\/\/blog.hyperskill.de\/index.php?rest_route=%2Fwp%2Fv2%2Fcomments&post=451"}],"version-history":[{"count":9,"href":"https:\/\/blog.hyperskill.de\/index.php?rest_route=\/wp\/v2\/posts\/451\/revisions"}],"predecessor-version":[{"id":652,"href":"https:\/\/blog.hyperskill.de\/index.php?rest_route=\/wp\/v2\/posts\/451\/revisions\/652"}],"wp:attachment":[{"href":"https:\/\/blog.hyperskill.de\/index.php?rest_route=%2Fwp%2Fv2%2Fmedia&parent=451"}],"wp:term":[{"taxonomy":"category","embeddable":true,"href":"https:\/\/blog.hyperskill.de\/index.php?rest_route=%2Fwp%2Fv2%2Fcategories&post=451"},{"taxonomy":"post_tag","embeddable":true,"href":"https:\/\/blog.hyperskill.de\/index.php?rest_route=%2Fwp%2Fv2%2Ftags&post=451"}],"curies":[{"name":"wp","href":"https:\/\/api.w.org\/{rel}","templated":true}]}}