{"id":495,"date":"2022-02-23T18:47:56","date_gmt":"2022-02-23T17:47:56","guid":{"rendered":"https:\/\/blog.hyperskill.de\/?p=495"},"modified":"2024-04-19T16:35:05","modified_gmt":"2024-04-19T15:35:05","slug":"naturliche-reflexion-lernen-und-anwenden-unser-2-tages-seminar-zur-starkung-von-lebens-und-managementkompetenzen","status":"publish","type":"post","link":"https:\/\/blog.hyperskill.de\/?p=495","title":{"rendered":"Nat\u00fcrliche Reflexion lernen und anwenden &#8211; Unser Einf\u00fchrungsseminar zur St\u00e4rkung von Lebens- und Managementkompetenzen"},"content":{"rendered":"\n<p><em>von Sabine Stadler.<\/em>   <\/p>\n\n\n\n<p>F\u00fcr Unternehmer, Manager und F\u00fchrungskr\u00e4fte sowie Menschen mit Verantwortung haben wir ein v\u00f6llig neuartiges Seminar konzipiert. <\/p>\n\n\n\n<p>In diesem 2-Tages-Seminar lernen Sie eine<strong> einzigartige  Reflexionsmethode<\/strong> kennen.<\/p>\n\n\n\n<h3 class=\"has-text-color wp-block-heading\" style=\"color:#094ba9\">Im Abgleich mit der Natur lernen Sie<\/h3>\n\n\n\n<ul class=\"wp-block-list\"><li>sich selbst zu reflektieren, um sich richtig zu verstehen<\/li><li>schwierige Situationen zu reflektieren, um das eigene Verhalten darin richtig zu verstehen und passende Handlungsalternativen zu entwickeln<\/li><li>und damit eine optimale Basis zu schaffen f\u00fcr jegliche Lebens- und Managementkompetenzen.<\/li><\/ul>\n\n\n\n<p>Der Name ist Programm: Der beste Ort, um sich mit der Nat\u00fcrlichen Reflexion vertraut zu machen, ist die Natur selbst. Wir haben uns auf die Suche nach einem m\u00f6glichst urspr\u00fcnglichen St\u00fcck Natur gemacht und sind im N\u00f6rdlichen Oberpf\u00e4lzer Wald f\u00fcndig geworden.<\/p>\n\n\n\n<figure class=\"wp-block-image size-full is-resized\"><a href=\"https:\/\/blog.hyperskill.de\/wp-content\/uploads\/2022\/02\/Oberpfalz1.jpg\"><img loading=\"lazy\" decoding=\"async\" src=\"https:\/\/blog.hyperskill.de\/wp-content\/uploads\/2022\/02\/Oberpfalz1.jpg\" alt=\"\" class=\"wp-image-496\" width=\"819\" height=\"332\" srcset=\"https:\/\/blog.hyperskill.de\/wp-content\/uploads\/2022\/02\/Oberpfalz1.jpg 454w, https:\/\/blog.hyperskill.de\/wp-content\/uploads\/2022\/02\/Oberpfalz1-300x122.jpg 300w\" sizes=\"auto, (max-width: 819px) 100vw, 819px\" \/><\/a><figcaption><em>Blick \u00fcber das sanfte H\u00fcgelland der N\u00f6rdlichen Oberpfalz.<\/em><\/figcaption><\/figure>\n\n\n\n<p>In dem kleinen Dorf Waldeck, das landschaftlich reizvoll eingebettet ist in eine wunderbare urspr\u00fcngliche und wenig besiedelte H\u00fcgellandschaft, haben wir eine Tagungslocation gefunden, die uns f\u00fcr die Dauer von 2 Seminartagen eine Auszeit aus unserem hektischen Alltag erm\u00f6glicht. Die einzigartige Atmosph\u00e4re unterst\u00fctzt uns dabei, herunterzukommen, uns auf das Wesentliche zu konzentrieren und hocheffektiv zu arbeiten.<\/p>\n\n\n\n<figure class=\"wp-block-gallery has-nested-images columns-default is-cropped wp-block-gallery-1 is-layout-flex wp-block-gallery-is-layout-flex\">\n<figure class=\"wp-block-image size-large\"><a href=\"https:\/\/blog.hyperskill.de\/wp-content\/uploads\/2022\/02\/Bild1-2.jpg\"><img loading=\"lazy\" decoding=\"async\" width=\"202\" height=\"135\" data-id=\"500\" src=\"https:\/\/blog.hyperskill.de\/wp-content\/uploads\/2022\/02\/Bild1-2.jpg\" alt=\"\" class=\"wp-image-500\"\/><\/a><\/figure>\n\n\n\n<figure class=\"wp-block-image size-large\"><a href=\"https:\/\/blog.hyperskill.de\/wp-content\/uploads\/2022\/02\/Bild2-1.jpg\"><img loading=\"lazy\" decoding=\"async\" width=\"527\" height=\"339\" data-id=\"501\" src=\"https:\/\/blog.hyperskill.de\/wp-content\/uploads\/2022\/02\/Bild2-1.jpg\" alt=\"\" class=\"wp-image-501\" srcset=\"https:\/\/blog.hyperskill.de\/wp-content\/uploads\/2022\/02\/Bild2-1.jpg 527w, https:\/\/blog.hyperskill.de\/wp-content\/uploads\/2022\/02\/Bild2-1-300x193.jpg 300w\" sizes=\"auto, (max-width: 527px) 100vw, 527px\" \/><\/a><\/figure>\n<\/figure>\n\n\n\n<p><strong>Beginn und Ende des Seminars verbringen wir in der Natur<\/strong> bei einem Spaziergang rund um den Schlossberg mit der Burgruine Waldeck. Der Naturspaziergang dient uns zun\u00e4chst als Inspirationsquelle und als smarter Einstieg in die Nat\u00fcrliche Reflexion und das Seminar.<\/p>\n\n\n\n<p>In einem ersten Schritt zeigen wir die Gemeinsamkeiten und Unterschiede im nat\u00fcrlichen Verhalten von B\u00e4umen und Menschen.<\/p>\n\n\n\n<p>Im zweiten Schritt vergleichen wir situatives Verhalten von Menschen mit dem nat\u00fcrlichen Verhalten von B\u00e4umen.<\/p>\n\n\n\n<ul class=\"wp-block-list\"><li>Sie werden sofort das situative Verhalten von Menschen verstehen.<\/li><li>Sie werden sofort eigenes erlebtes situatives Verhalten zuordnen k\u00f6nnen.<\/li><li>Sie werden sofort L\u00f6sungsans\u00e4tze erkennen k\u00f6nnen.<\/li><\/ul>\n\n\n\n<h4 class=\"has-text-color wp-block-heading\" style=\"color:#2219b6\"><strong>So erhalten Sie einen ganzheitlichen Eindruck, welch gro\u00dfen Nutzen die Nat\u00fcrliche Reflexion Ihnen bieten kann.<\/strong><\/h4>\n\n\n\n<p>Der Abschluss-Spaziergang dient Ihnen zur \u00dcberpr\u00fcfung Ihres Lernerfolgs und Sie werden erkennen, wie viel differenzierter Sie Menschen und Situationen nun betrachten. Unser Arbeitsraum ist eine liebevoll umgebaute alte Scheune, wo wir bei passendem Wetter auch den sch\u00f6n angelegten Garten dazu nutzen k\u00f6nnen.<\/p>\n\n\n\n<figure class=\"wp-block-table\"><table class=\"has-background\" style=\"background-color:#f3f5fa\"><tbody><tr><td>Wenn Sie mehr zu den Inhalten des Seminars erfahren m\u00f6chten,<br><strong><a href=\"http:\/\/www.hyperskill.de\/html\/leistungen\/seminar-natuerliche-reflexion.htm\"><em>hier geht&#8217;s zu unserer Seminar-Seite \u2026<\/em><\/a><\/strong><\/td><\/tr><\/tbody><\/table><\/figure>\n\n\n\n<p>F\u00fcr die <strong>\u00dcbernachtung<\/strong> stehen uns stylische und gem\u00fctliche Superior-Zimmer und Appartements in restaurierten historischen Dorfh\u00e4usern zur Verf\u00fcgung.<\/p>\n\n\n\n<figure class=\"wp-block-gallery has-nested-images columns-default is-cropped wp-block-gallery-2 is-layout-flex wp-block-gallery-is-layout-flex\">\n<figure class=\"wp-block-image size-large\"><a href=\"https:\/\/blog.hyperskill.de\/wp-content\/uploads\/2022\/02\/Bild3.jpg\"><img loading=\"lazy\" decoding=\"async\" width=\"703\" height=\"468\" data-id=\"503\" src=\"https:\/\/blog.hyperskill.de\/wp-content\/uploads\/2022\/02\/Bild3.jpg\" alt=\"\" class=\"wp-image-503\" srcset=\"https:\/\/blog.hyperskill.de\/wp-content\/uploads\/2022\/02\/Bild3.jpg 703w, https:\/\/blog.hyperskill.de\/wp-content\/uploads\/2022\/02\/Bild3-300x200.jpg 300w\" sizes=\"auto, (max-width: 703px) 100vw, 703px\" \/><\/a><\/figure>\n\n\n\n<figure class=\"wp-block-image size-large\"><a href=\"https:\/\/blog.hyperskill.de\/wp-content\/uploads\/2022\/02\/Bild4.jpg\"><img loading=\"lazy\" decoding=\"async\" width=\"137\" height=\"96\" data-id=\"502\" src=\"https:\/\/blog.hyperskill.de\/wp-content\/uploads\/2022\/02\/Bild4.jpg\" alt=\"\" class=\"wp-image-502\"\/><\/a><\/figure>\n\n\n\n<figure class=\"wp-block-image size-large\"><a href=\"https:\/\/blog.hyperskill.de\/wp-content\/uploads\/2022\/02\/Bild5.jpg\"><img loading=\"lazy\" decoding=\"async\" width=\"139\" height=\"97\" data-id=\"504\" src=\"https:\/\/blog.hyperskill.de\/wp-content\/uploads\/2022\/02\/Bild5.jpg\" alt=\"\" class=\"wp-image-504\"\/><\/a><\/figure>\n<\/figure>\n\n\n\n<p class=\"has-text-color\" style=\"color:#2d3dba\"><strong>Wann lohnt sich dieses Seminar auf jeden Fall?<\/strong><\/p>\n\n\n\n<ul class=\"wp-block-list\"><li>wenn Sie eine hocheffiziente Reflexionsmethode erlernen m\u00f6chten, die jederzeit und in jedem Umfeld anwendbar ist,<\/li><li>Wenn Sie berufliche oder private Ver\u00e4nderungen reflektiert angehen m\u00f6chten,<\/li><li>wenn Sie Ihre F\u00fchrungskompetenz st\u00e4rken m\u00f6chten,<\/li><li>wenn Sie Ihre Innovationskraft steigern m\u00f6chten,<\/li><li>wenn Sie Ihr Lebensgef\u00fchl nachhaltig positiv ver\u00e4ndern wollen.<\/li><\/ul>\n\n\n\n<p>\u00dcberlegen Sie noch, ob Sie sich etwas Gutes tun sollen?<\/p>\n\n\n\n<p>Bei Fragen rund um dieses Seminar rufen Sie uns gerne an: 08152-999559.<\/p>\n","protected":false},"excerpt":{"rendered":"<p>von Sabine Stadler. F\u00fcr Unternehmer, Manager und F\u00fchrungskr\u00e4fte sowie Menschen mit Verantwortung haben wir ein v\u00f6llig neuartiges Seminar konzipiert. In diesem 2-Tages-Seminar lernen Sie eine einzigartige Reflexionsmethode kennen. Im Abgleich mit der Natur lernen Sie sich selbst zu reflektieren, um [&hellip;]<\/p>\n","protected":false},"author":1,"featured_media":0,"comment_status":"closed","ping_status":"closed","sticky":false,"template":"","format":"standard","meta":{"footnotes":""},"categories":[14,13,15,31,42,28,29],"tags":[],"class_list":["post-495","post","type-post","status-publish","format-standard","hentry","category-ausbildung","category-management","category-menschenfuhrung","category-naturliche-reflexion","category-personlichkeitstraining","category-problemlosung-2","category-resilienz"],"_links":{"self":[{"href":"https:\/\/blog.hyperskill.de\/index.php?rest_route=\/wp\/v2\/posts\/495","targetHints":{"allow":["GET"]}}],"collection":[{"href":"https:\/\/blog.hyperskill.de\/index.php?rest_route=\/wp\/v2\/posts"}],"about":[{"href":"https:\/\/blog.hyperskill.de\/index.php?rest_route=\/wp\/v2\/types\/post"}],"author":[{"embeddable":true,"href":"https:\/\/blog.hyperskill.de\/index.php?rest_route=\/wp\/v2\/users\/1"}],"replies":[{"embeddable":true,"href":"https:\/\/blog.hyperskill.de\/index.php?rest_route=%2Fwp%2Fv2%2Fcomments&post=495"}],"version-history":[{"count":6,"href":"https:\/\/blog.hyperskill.de\/index.php?rest_route=\/wp\/v2\/posts\/495\/revisions"}],"predecessor-version":[{"id":637,"href":"https:\/\/blog.hyperskill.de\/index.php?rest_route=\/wp\/v2\/posts\/495\/revisions\/637"}],"wp:attachment":[{"href":"https:\/\/blog.hyperskill.de\/index.php?rest_route=%2Fwp%2Fv2%2Fmedia&parent=495"}],"wp:term":[{"taxonomy":"category","embeddable":true,"href":"https:\/\/blog.hyperskill.de\/index.php?rest_route=%2Fwp%2Fv2%2Fcategories&post=495"},{"taxonomy":"post_tag","embeddable":true,"href":"https:\/\/blog.hyperskill.de\/index.php?rest_route=%2Fwp%2Fv2%2Ftags&post=495"}],"curies":[{"name":"wp","href":"https:\/\/api.w.org\/{rel}","templated":true}]}}